{"id":5054,"date":"2026-04-27T12:00:00","date_gmt":"2026-04-27T10:00:00","guid":{"rendered":"http:\/\/www.grundschule-retzstadt.de\/?p=5054"},"modified":"2026-04-27T21:38:07","modified_gmt":"2026-04-27T19:38:07","slug":"aktuelles","status":"publish","type":"post","link":"http:\/\/www.grundschule-retzstadt.de\/?p=5054","title":{"rendered":"Aktuelles"},"content":{"rendered":"\n<p><strong>Start in das neue Schuljahr 2025\/26<\/strong><\/p>\n\n\n\n<p><strong>2. Pausenfr\u00fchst\u00fcck<\/strong><\/p>\n\n\n\n<p>Am Freitag, dem 24. April 2026, wurde an unserer Grundschule erneut das beliebte Pausenfr\u00fchst\u00fcck als besonderes Highlight veranstaltet.<\/p>\n\n\n\n<p>Vier tatkr\u00e4ftige Mamas bereiteten in der Aula ein abwechslungsreiches und k\u00f6stliches Buffet vor und wurden dabei tatkr\u00e4ftig von den Kindern der Klasse 3\/4a unterst\u00fctzt. Mit viel Begeisterung belegten sie Brote, stellten Obst- und Gem\u00fcseteller zusammen und halfen beim Sch\u00e4len, Schneiden, Bestreichen und liebevollen Anrichten. So entstand ein buntes Angebot, das bei den Kindern f\u00fcr gro\u00dfe Freude sorgte. Auch die selbst gebackenen Kuchen waren eine willkommene s\u00fc\u00dfe Erg\u00e4nzung.<\/p>\n\n\n\n<p>Anschlie\u00dfend wurde in entspannter Atmosph\u00e4re gemeinsam in den Klassen gefr\u00fchst\u00fcckt.<\/p>\n\n\n\n<p>Ein gro\u00dfes Dankesch\u00f6n gilt allen engagierten Helferinnen und Helfern! Es hat allen hervorragend geschmeckt. Gut ges\u00e4ttigt und voller Energie konnten wir danach motiviert in den weiteren Unterricht starten.<\/p>\n\n\n\n<figure class=\"wp-block-gallery has-nested-images columns-default is-cropped wp-block-gallery-1 is-layout-flex wp-block-gallery-is-layout-flex\">\n<figure class=\"wp-block-image size-large\"><img loading=\"lazy\" decoding=\"async\" width=\"768\" height=\"1024\" data-id=\"5643\" src=\"http:\/\/www.grundschule-retzstadt.de\/wp-content\/uploads\/2026\/03\/IMG_20260424_093404-768x1024.jpg\" alt=\"\" class=\"wp-image-5643\" srcset=\"http:\/\/www.grundschule-retzstadt.de\/wp-content\/uploads\/2026\/03\/IMG_20260424_093404-768x1024.jpg 768w, http:\/\/www.grundschule-retzstadt.de\/wp-content\/uploads\/2026\/03\/IMG_20260424_093404-225x300.jpg 225w, http:\/\/www.grundschule-retzstadt.de\/wp-content\/uploads\/2026\/03\/IMG_20260424_093404-1152x1536.jpg 1152w, http:\/\/www.grundschule-retzstadt.de\/wp-content\/uploads\/2026\/03\/IMG_20260424_093404-1536x2048.jpg 1536w, http:\/\/www.grundschule-retzstadt.de\/wp-content\/uploads\/2026\/03\/IMG_20260424_093404-203x270.jpg 203w, http:\/\/www.grundschule-retzstadt.de\/wp-content\/uploads\/2026\/03\/IMG_20260424_093404-scaled.jpg 1920w\" sizes=\"auto, (max-width: 768px) 100vw, 768px\" \/><\/figure>\n\n\n\n<figure class=\"wp-block-image size-large\"><img loading=\"lazy\" decoding=\"async\" width=\"768\" height=\"1024\" data-id=\"5644\" src=\"http:\/\/www.grundschule-retzstadt.de\/wp-content\/uploads\/2026\/03\/IMG_20260424_093415-768x1024.jpg\" alt=\"\" class=\"wp-image-5644\" srcset=\"http:\/\/www.grundschule-retzstadt.de\/wp-content\/uploads\/2026\/03\/IMG_20260424_093415-768x1024.jpg 768w, http:\/\/www.grundschule-retzstadt.de\/wp-content\/uploads\/2026\/03\/IMG_20260424_093415-225x300.jpg 225w, http:\/\/www.grundschule-retzstadt.de\/wp-content\/uploads\/2026\/03\/IMG_20260424_093415-1152x1536.jpg 1152w, http:\/\/www.grundschule-retzstadt.de\/wp-content\/uploads\/2026\/03\/IMG_20260424_093415-1536x2048.jpg 1536w, http:\/\/www.grundschule-retzstadt.de\/wp-content\/uploads\/2026\/03\/IMG_20260424_093415-203x270.jpg 203w, http:\/\/www.grundschule-retzstadt.de\/wp-content\/uploads\/2026\/03\/IMG_20260424_093415-scaled.jpg 1920w\" sizes=\"auto, (max-width: 768px) 100vw, 768px\" \/><\/figure>\n\n\n\n<figure class=\"wp-block-image size-large\"><img loading=\"lazy\" decoding=\"async\" width=\"1024\" height=\"768\" data-id=\"5645\" src=\"http:\/\/www.grundschule-retzstadt.de\/wp-content\/uploads\/2026\/03\/IMG_20260424_094301-1024x768.jpg\" alt=\"\" class=\"wp-image-5645\" srcset=\"http:\/\/www.grundschule-retzstadt.de\/wp-content\/uploads\/2026\/03\/IMG_20260424_094301-1024x768.jpg 1024w, http:\/\/www.grundschule-retzstadt.de\/wp-content\/uploads\/2026\/03\/IMG_20260424_094301-300x225.jpg 300w, http:\/\/www.grundschule-retzstadt.de\/wp-content\/uploads\/2026\/03\/IMG_20260424_094301-768x576.jpg 768w, http:\/\/www.grundschule-retzstadt.de\/wp-content\/uploads\/2026\/03\/IMG_20260424_094301-1536x1152.jpg 1536w, http:\/\/www.grundschule-retzstadt.de\/wp-content\/uploads\/2026\/03\/IMG_20260424_094301-2048x1536.jpg 2048w, http:\/\/www.grundschule-retzstadt.de\/wp-content\/uploads\/2026\/03\/IMG_20260424_094301-360x270.jpg 360w\" sizes=\"auto, (max-width: 1024px) 100vw, 1024px\" \/><\/figure>\n<\/figure>\n\n\n\n<p><\/p>\n\n\n\n<p><strong>Retzstadter Grundsch\u00fcler wieder in Aktion<\/strong><\/p>\n\n\n\n<p>Zum dritten Mal fand am Mittwoch, den 25. M\u00e4rz 2026 die Baumpflanzaktion der Grundsch\u00fcler im Retzstadter Gemeindewald statt.&nbsp;<br>70 Grundschulkinder liefen den gesamten Weg mit ihren Lehrerinnen der Schule in die Waldabteilung Steffling. Gemeinsam mit B\u00fcrgermeister Karl Gerhard, dem Revierf\u00f6rster Patrick Schelbert, der Jagdgenossenschaft mit ihrem Jagdvorsteher Uwe Pfister, den Jagdp\u00e4chtern, den Gemeindearbeitern und flei\u00dfigen Helfern wurden 180 Ahornsetzlinge gepflanzt.<br>Idee und Ziel dieser Aktion ist es, die Grundsch\u00fcler f\u00fcr die heimische Natur zu begeistern und mit der Pflanzung von trockenheitstoleranten Baumarten etwas Positives f\u00fcr den notwendigen, klimabedingten Umbau des Gemeindewaldes beizutragen. F\u00fcr die Kinder ist die praktische Erfahrung im Wald durch das eigenh\u00e4ndige Pflanzen der kleinen Setzlinge besser als jede Theorie. &nbsp;<br>F\u00f6rster Patrick Schelbert erl\u00e4uterte den Sch\u00fclern, dass die Pflanzung von B\u00e4umen sehr wichtig ist, da im Wald durch die Trockenheit in den letzten Jahren viele B\u00e4ume abgestorben sind und dadurch bereits gro\u00dfe L\u00fccken entstanden sind. Diese L\u00fccken werden mit der Pflanzung wieder gef\u00fcllt. Dadurch bleibt der Wald in seiner Funktion erhalten und auch f\u00fcr die n\u00e4chste Generation ein Erholungsort.<br>In diesem Jahr wurden Spitz- und Feldahornsetzlinge gepflanzt. Diese stehen wie viele andere Baumarten f\u00fcr Klimastabilit\u00e4t und Vielfalt im Wald. Der Wald drohte an dieser Stelle im Steffling auszulichten. Deshalb war hier die Neuanpflanzung so wichtig. Die jungen B\u00e4ume wurden noch mit Pflanzstab und Schutzh\u00fclle versehen.&nbsp;<br>Auf diesen H\u00fcllen konnten die Schulkinder ihre Namen verewigen. So k\u00f6nnen sie im kommenden Jahr das Wachstum \u201eIhrer Zukunftsb\u00e4ume\u201c genau verfolgen.&nbsp;<br>Gemeinsam wurde diese Pflanzaktion nun schon zum dritten Mal organisiert und so bisher etwa 600 Jungpflanzen in den Gemeindewald gebracht. &nbsp;<br>Nach getaner Arbeit lud Jagdvorsteher Uwe Pfister alle Beteiligten wieder zu Brotzeit und Getr\u00e4nken ein. Die Kinder waren begeistert und nahmen das Angebot gerne an.<br>Das Schulteam bedankte sich f\u00fcr diesen sch\u00f6nen Tag im Wald und f\u00fcr die Organisation. Diese Aktion wird den Kindern der Grundschule noch lange positiv in Erinnerung bleiben. (<em>Beitrag vom 1. B\u00fcrgermeister Karl Gerhard)<\/em><\/p>\n\n\n\n<figure class=\"wp-block-gallery has-nested-images columns-default is-cropped wp-block-gallery-2 is-layout-flex wp-block-gallery-is-layout-flex\">\n<figure class=\"wp-block-image size-large\"><img loading=\"lazy\" decoding=\"async\" width=\"1024\" height=\"576\" data-id=\"5639\" src=\"http:\/\/www.grundschule-retzstadt.de\/wp-content\/uploads\/2026\/02\/IMG_5400-1024x576.jpg\" alt=\"\" class=\"wp-image-5639\" srcset=\"http:\/\/www.grundschule-retzstadt.de\/wp-content\/uploads\/2026\/02\/IMG_5400-1024x576.jpg 1024w, http:\/\/www.grundschule-retzstadt.de\/wp-content\/uploads\/2026\/02\/IMG_5400-300x169.jpg 300w, http:\/\/www.grundschule-retzstadt.de\/wp-content\/uploads\/2026\/02\/IMG_5400-768x432.jpg 768w, http:\/\/www.grundschule-retzstadt.de\/wp-content\/uploads\/2026\/02\/IMG_5400-1536x864.jpg 1536w, http:\/\/www.grundschule-retzstadt.de\/wp-content\/uploads\/2026\/02\/IMG_5400-2048x1152.jpg 2048w, http:\/\/www.grundschule-retzstadt.de\/wp-content\/uploads\/2026\/02\/IMG_5400-480x270.jpg 480w\" sizes=\"auto, (max-width: 1024px) 100vw, 1024px\" \/><\/figure>\n\n\n\n<figure class=\"wp-block-image size-large\"><img loading=\"lazy\" decoding=\"async\" width=\"576\" height=\"1024\" data-id=\"5638\" src=\"http:\/\/www.grundschule-retzstadt.de\/wp-content\/uploads\/2026\/02\/IMG_5404-576x1024.jpg\" alt=\"\" class=\"wp-image-5638\" srcset=\"http:\/\/www.grundschule-retzstadt.de\/wp-content\/uploads\/2026\/02\/IMG_5404-576x1024.jpg 576w, http:\/\/www.grundschule-retzstadt.de\/wp-content\/uploads\/2026\/02\/IMG_5404-169x300.jpg 169w, http:\/\/www.grundschule-retzstadt.de\/wp-content\/uploads\/2026\/02\/IMG_5404-768x1365.jpg 768w, http:\/\/www.grundschule-retzstadt.de\/wp-content\/uploads\/2026\/02\/IMG_5404-864x1536.jpg 864w, http:\/\/www.grundschule-retzstadt.de\/wp-content\/uploads\/2026\/02\/IMG_5404-1152x2048.jpg 1152w, http:\/\/www.grundschule-retzstadt.de\/wp-content\/uploads\/2026\/02\/IMG_5404-152x270.jpg 152w, http:\/\/www.grundschule-retzstadt.de\/wp-content\/uploads\/2026\/02\/IMG_5404-scaled.jpg 1440w\" sizes=\"auto, (max-width: 576px) 100vw, 576px\" \/><\/figure>\n\n\n\n<figure class=\"wp-block-image size-large\"><img loading=\"lazy\" decoding=\"async\" width=\"768\" height=\"1024\" data-id=\"5637\" src=\"http:\/\/www.grundschule-retzstadt.de\/wp-content\/uploads\/2026\/02\/IMG_5401-768x1024.jpg\" alt=\"\" class=\"wp-image-5637\" srcset=\"http:\/\/www.grundschule-retzstadt.de\/wp-content\/uploads\/2026\/02\/IMG_5401-768x1024.jpg 768w, http:\/\/www.grundschule-retzstadt.de\/wp-content\/uploads\/2026\/02\/IMG_5401-225x300.jpg 225w, http:\/\/www.grundschule-retzstadt.de\/wp-content\/uploads\/2026\/02\/IMG_5401-1152x1536.jpg 1152w, http:\/\/www.grundschule-retzstadt.de\/wp-content\/uploads\/2026\/02\/IMG_5401-1536x2048.jpg 1536w, http:\/\/www.grundschule-retzstadt.de\/wp-content\/uploads\/2026\/02\/IMG_5401-203x270.jpg 203w, http:\/\/www.grundschule-retzstadt.de\/wp-content\/uploads\/2026\/02\/IMG_5401-scaled.jpg 1920w\" sizes=\"auto, (max-width: 768px) 100vw, 768px\" \/><\/figure>\n<\/figure>\n\n\n\n<p><\/p>\n\n\n\n<p><strong>RETZSTADT HELAU!<\/strong><\/p>\n\n\n\n<p>Am Freitag, den 13.02.26, hie\u00df&nbsp; es an der Grundschule Retzstadt: B\u00fchne frei f\u00fcr unsere coole Faschingsfeier!<\/p>\n\n\n\n<p>Farbenpr\u00e4chtig und wunderbar vielf\u00e4ltig kamen die Kinder bereits kost\u00fcmiert in die Schule und str\u00f6mten voller Vorfreude nach der Pause in den Mehrzweckraum, wo Prinzessinnen, Piraten, Hexen, Harry-Potter-Wesen, Schmetterlinge und viele weitere fantasievolle, tolle Kost\u00fcme bewundert werden konnten.<\/p>\n\n\n\n<figure class=\"wp-block-gallery has-nested-images columns-default is-cropped wp-block-gallery-3 is-layout-flex wp-block-gallery-is-layout-flex\">\n<figure class=\"wp-block-image size-large\"><img loading=\"lazy\" decoding=\"async\" width=\"1024\" height=\"768\" data-id=\"5626\" src=\"http:\/\/www.grundschule-retzstadt.de\/wp-content\/uploads\/2026\/02\/IMG_7308-1-1024x768.jpg\" alt=\"\" class=\"wp-image-5626\" srcset=\"http:\/\/www.grundschule-retzstadt.de\/wp-content\/uploads\/2026\/02\/IMG_7308-1-1024x768.jpg 1024w, http:\/\/www.grundschule-retzstadt.de\/wp-content\/uploads\/2026\/02\/IMG_7308-1-300x225.jpg 300w, http:\/\/www.grundschule-retzstadt.de\/wp-content\/uploads\/2026\/02\/IMG_7308-1-768x576.jpg 768w, http:\/\/www.grundschule-retzstadt.de\/wp-content\/uploads\/2026\/02\/IMG_7308-1-1536x1152.jpg 1536w, http:\/\/www.grundschule-retzstadt.de\/wp-content\/uploads\/2026\/02\/IMG_7308-1-2048x1536.jpg 2048w, http:\/\/www.grundschule-retzstadt.de\/wp-content\/uploads\/2026\/02\/IMG_7308-1-360x270.jpg 360w\" sizes=\"auto, (max-width: 1024px) 100vw, 1024px\" \/><\/figure>\n<\/figure>\n\n\n\n<p>Den gesamten Beitrag und weitere Fotos finden Sie <a href=\"http:\/\/www.grundschule-retzstadt.de\/?page_id=2986\" data-type=\"page\" data-id=\"2986\">hier:<\/a><\/p>\n\n\n\n<p><\/p>\n\n\n\n<p><strong>N\u00e4rrisches Pausenfr\u00fchst\u00fcck<\/strong><\/p>\n\n\n\n<p>am Dienstag vor den Faschingsferien gab es wieder ein besonderes Highlight an der Grundschule Retzstadt: Das &#8222;gesunde Pausenfr\u00fchst\u00fcck&#8220;, das mittlerweile zum festen Bestand unseres Schullebens geh\u00f6rt.<\/p>\n\n\n\n<p>In bunten Kost\u00fcmen verkleidet, freuten sich die&nbsp; Kinder unserer 4 Klassen \u00fcber das mit viel Liebe, Zeit und Engagement zubereitete Buffet in der Aula, welches in der \u201ef\u00fcnften Jahreszeit\u201c mit Luftschlangen und Konfetti dekoriert war.<\/p>\n\n\n\n<figure class=\"wp-block-gallery has-nested-images columns-default is-cropped wp-block-gallery-4 is-layout-flex wp-block-gallery-is-layout-flex\">\n<figure class=\"wp-block-image size-large\"><img loading=\"lazy\" decoding=\"async\" width=\"1024\" height=\"768\" data-id=\"5586\" src=\"http:\/\/www.grundschule-retzstadt.de\/wp-content\/uploads\/2026\/02\/IMG_7189-1024x768.jpg\" alt=\"\" class=\"wp-image-5586\" srcset=\"http:\/\/www.grundschule-retzstadt.de\/wp-content\/uploads\/2026\/02\/IMG_7189-1024x768.jpg 1024w, http:\/\/www.grundschule-retzstadt.de\/wp-content\/uploads\/2026\/02\/IMG_7189-300x225.jpg 300w, http:\/\/www.grundschule-retzstadt.de\/wp-content\/uploads\/2026\/02\/IMG_7189-768x576.jpg 768w, http:\/\/www.grundschule-retzstadt.de\/wp-content\/uploads\/2026\/02\/IMG_7189-1536x1152.jpg 1536w, http:\/\/www.grundschule-retzstadt.de\/wp-content\/uploads\/2026\/02\/IMG_7189-2048x1536.jpg 2048w, http:\/\/www.grundschule-retzstadt.de\/wp-content\/uploads\/2026\/02\/IMG_7189-360x270.jpg 360w\" sizes=\"auto, (max-width: 1024px) 100vw, 1024px\" \/><\/figure>\n<\/figure>\n\n\n\n<p>Den gesamten Beitrag und weitere Fotos finden Sie <a href=\"http:\/\/www.grundschule-retzstadt.de\/?page_id=389\" data-type=\"page\" data-id=\"389\">hier:<\/a><\/p>\n\n\n\n<p><\/p>\n\n\n\n<p><strong>Adventsbasar an der Grundschule Retzstadt<\/strong><\/p>\n\n\n\n<p>Auch in diesem Jahr fand an der Grundschule Retzstadt der schon traditionelle Adventsbasar statt. Unsere Rektorin Frau Wohlfart begr\u00fc\u00dfte die zahlreichen gro\u00dfen und kleinen G\u00e4ste sowie alle Mitwirkenden auf dem Pausenhof. Gleichzeitig bedankte sie sich beim Elternbeirat f\u00fcr die Unterst\u00fctzung und Bewirtung mit s\u00fc\u00dfem und herzhaftem Geb\u00e4ck, Kuchen und Kinderpunsch. Ihr Dank galt auch den Kindern und ihren Lehrern, die in der letzten Zeit flei\u00dfig bastelten, sodass viele sch\u00f6ne weihnachtliche Sachen mit einer Spende erworben werden konnten. Die Aula war gef\u00fcllt mit vielf\u00e4ltigen Basteleien der Kinder: Es gab Holzengel, selbst gemalte Weihnachtskarten, Windlichter, Drahtsterne, Salzteig- und Schneemann-Anh\u00e4nger, Gedichte-Anh\u00e4nger und Papiersterne auf Spendenbasis zu erwerben. Umrahmt wurde der Basar mit dem Lichtertanz der Klasse 1\/2b, dem englischen Theaterst\u00fcck der Klasse 3\/4b, dem Singspiel der Klasse 3\/4a sowie dem Lied \u201eWeihnachtslichter der Klasse 1\/2a.<\/p>\n\n\n\n<figure class=\"wp-block-gallery has-nested-images columns-default is-cropped wp-block-gallery-5 is-layout-flex wp-block-gallery-is-layout-flex\">\n<figure class=\"wp-block-image size-large\"><img loading=\"lazy\" decoding=\"async\" width=\"640\" height=\"480\" data-id=\"5533\" src=\"http:\/\/www.grundschule-retzstadt.de\/wp-content\/uploads\/2025\/12\/IMG_6066.jpg\" alt=\"\" class=\"wp-image-5533\" srcset=\"http:\/\/www.grundschule-retzstadt.de\/wp-content\/uploads\/2025\/12\/IMG_6066.jpg 640w, http:\/\/www.grundschule-retzstadt.de\/wp-content\/uploads\/2025\/12\/IMG_6066-300x225.jpg 300w, http:\/\/www.grundschule-retzstadt.de\/wp-content\/uploads\/2025\/12\/IMG_6066-360x270.jpg 360w\" sizes=\"auto, (max-width: 640px) 100vw, 640px\" \/><\/figure>\n\n\n\n<figure class=\"wp-block-image size-large\"><img loading=\"lazy\" decoding=\"async\" width=\"640\" height=\"480\" data-id=\"5532\" src=\"http:\/\/www.grundschule-retzstadt.de\/wp-content\/uploads\/2025\/12\/IMG_6062.jpg\" alt=\"\" class=\"wp-image-5532\" srcset=\"http:\/\/www.grundschule-retzstadt.de\/wp-content\/uploads\/2025\/12\/IMG_6062.jpg 640w, http:\/\/www.grundschule-retzstadt.de\/wp-content\/uploads\/2025\/12\/IMG_6062-300x225.jpg 300w, http:\/\/www.grundschule-retzstadt.de\/wp-content\/uploads\/2025\/12\/IMG_6062-360x270.jpg 360w\" sizes=\"auto, (max-width: 640px) 100vw, 640px\" \/><\/figure>\n\n\n\n<figure class=\"wp-block-image size-large\"><img loading=\"lazy\" decoding=\"async\" width=\"640\" height=\"480\" data-id=\"5530\" src=\"http:\/\/www.grundschule-retzstadt.de\/wp-content\/uploads\/2025\/12\/IMG_6054.jpg\" alt=\"\" class=\"wp-image-5530\" srcset=\"http:\/\/www.grundschule-retzstadt.de\/wp-content\/uploads\/2025\/12\/IMG_6054.jpg 640w, http:\/\/www.grundschule-retzstadt.de\/wp-content\/uploads\/2025\/12\/IMG_6054-300x225.jpg 300w, http:\/\/www.grundschule-retzstadt.de\/wp-content\/uploads\/2025\/12\/IMG_6054-360x270.jpg 360w\" sizes=\"auto, (max-width: 640px) 100vw, 640px\" \/><\/figure>\n\n\n\n<figure class=\"wp-block-image size-large\"><img loading=\"lazy\" decoding=\"async\" width=\"640\" height=\"480\" data-id=\"5535\" src=\"http:\/\/www.grundschule-retzstadt.de\/wp-content\/uploads\/2025\/12\/IMG_6078.jpg\" alt=\"\" class=\"wp-image-5535\" srcset=\"http:\/\/www.grundschule-retzstadt.de\/wp-content\/uploads\/2025\/12\/IMG_6078.jpg 640w, http:\/\/www.grundschule-retzstadt.de\/wp-content\/uploads\/2025\/12\/IMG_6078-300x225.jpg 300w, http:\/\/www.grundschule-retzstadt.de\/wp-content\/uploads\/2025\/12\/IMG_6078-360x270.jpg 360w\" sizes=\"auto, (max-width: 640px) 100vw, 640px\" \/><\/figure>\n\n\n\n<figure class=\"wp-block-image size-large\"><img loading=\"lazy\" decoding=\"async\" width=\"480\" height=\"640\" data-id=\"5557\" src=\"http:\/\/www.grundschule-retzstadt.de\/wp-content\/uploads\/2025\/12\/IMG_6048-1.jpg\" alt=\"\" class=\"wp-image-5557\" srcset=\"http:\/\/www.grundschule-retzstadt.de\/wp-content\/uploads\/2025\/12\/IMG_6048-1.jpg 480w, http:\/\/www.grundschule-retzstadt.de\/wp-content\/uploads\/2025\/12\/IMG_6048-1-225x300.jpg 225w, http:\/\/www.grundschule-retzstadt.de\/wp-content\/uploads\/2025\/12\/IMG_6048-1-203x270.jpg 203w\" sizes=\"auto, (max-width: 480px) 100vw, 480px\" \/><\/figure>\n\n\n\n<figure class=\"wp-block-image size-large\"><img loading=\"lazy\" decoding=\"async\" width=\"640\" height=\"480\" data-id=\"5541\" src=\"http:\/\/www.grundschule-retzstadt.de\/wp-content\/uploads\/2025\/12\/IMG_6031-1.jpg\" alt=\"\" class=\"wp-image-5541\" srcset=\"http:\/\/www.grundschule-retzstadt.de\/wp-content\/uploads\/2025\/12\/IMG_6031-1.jpg 640w, http:\/\/www.grundschule-retzstadt.de\/wp-content\/uploads\/2025\/12\/IMG_6031-1-300x225.jpg 300w, http:\/\/www.grundschule-retzstadt.de\/wp-content\/uploads\/2025\/12\/IMG_6031-1-360x270.jpg 360w\" sizes=\"auto, (max-width: 640px) 100vw, 640px\" \/><\/figure>\n\n\n\n<figure class=\"wp-block-image size-large\"><img loading=\"lazy\" decoding=\"async\" width=\"480\" height=\"640\" data-id=\"5549\" src=\"http:\/\/www.grundschule-retzstadt.de\/wp-content\/uploads\/2025\/12\/IMG_6039-1.jpg\" alt=\"\" class=\"wp-image-5549\" srcset=\"http:\/\/www.grundschule-retzstadt.de\/wp-content\/uploads\/2025\/12\/IMG_6039-1.jpg 480w, http:\/\/www.grundschule-retzstadt.de\/wp-content\/uploads\/2025\/12\/IMG_6039-1-225x300.jpg 225w, http:\/\/www.grundschule-retzstadt.de\/wp-content\/uploads\/2025\/12\/IMG_6039-1-203x270.jpg 203w\" sizes=\"auto, (max-width: 480px) 100vw, 480px\" \/><\/figure>\n\n\n\n<figure class=\"wp-block-image size-large\"><img loading=\"lazy\" decoding=\"async\" width=\"480\" height=\"640\" data-id=\"5555\" src=\"http:\/\/www.grundschule-retzstadt.de\/wp-content\/uploads\/2025\/12\/IMG_6046-1.jpg\" alt=\"\" class=\"wp-image-5555\" srcset=\"http:\/\/www.grundschule-retzstadt.de\/wp-content\/uploads\/2025\/12\/IMG_6046-1.jpg 480w, http:\/\/www.grundschule-retzstadt.de\/wp-content\/uploads\/2025\/12\/IMG_6046-1-225x300.jpg 225w, http:\/\/www.grundschule-retzstadt.de\/wp-content\/uploads\/2025\/12\/IMG_6046-1-203x270.jpg 203w\" sizes=\"auto, (max-width: 480px) 100vw, 480px\" \/><\/figure>\n<\/figure>\n\n\n\n<p><strong>Wir freuen uns, dass der Basar ein voller Erfolg war und eine stolze Spendensumme von 766\u20ac erreicht werden konnte. Der Elternbeirat wird diesen Betrag auf insgesamt 1.100\u20ac aufstocken.<\/strong> Mit dem Erl\u00f6s unterst\u00fctzen wir den F\u00f6rderverein der Mittagsbetreuung bei der Anschaffung neuer Spielger\u00e4te f\u00fcr den Pausenhof. An dieser Stelle m\u00f6chten wir uns nochmals herzlich beim Elternbeirat und allen G\u00e4sten f\u00fcr die gro\u00dfz\u00fcgigen Spenden bedanken!<\/p>\n\n\n\n<figure class=\"wp-block-image size-large\"><img loading=\"lazy\" decoding=\"async\" width=\"1024\" height=\"768\" src=\"http:\/\/www.grundschule-retzstadt.de\/wp-content\/uploads\/2025\/12\/IMG_20251219_113415-002-1024x768.jpg\" alt=\"\" class=\"wp-image-5580\" srcset=\"http:\/\/www.grundschule-retzstadt.de\/wp-content\/uploads\/2025\/12\/IMG_20251219_113415-002-1024x768.jpg 1024w, http:\/\/www.grundschule-retzstadt.de\/wp-content\/uploads\/2025\/12\/IMG_20251219_113415-002-300x225.jpg 300w, http:\/\/www.grundschule-retzstadt.de\/wp-content\/uploads\/2025\/12\/IMG_20251219_113415-002-768x576.jpg 768w, http:\/\/www.grundschule-retzstadt.de\/wp-content\/uploads\/2025\/12\/IMG_20251219_113415-002-1536x1152.jpg 1536w, http:\/\/www.grundschule-retzstadt.de\/wp-content\/uploads\/2025\/12\/IMG_20251219_113415-002-2048x1536.jpg 2048w, http:\/\/www.grundschule-retzstadt.de\/wp-content\/uploads\/2025\/12\/IMG_20251219_113415-002-360x270.jpg 360w\" sizes=\"auto, (max-width: 1024px) 100vw, 1024px\" \/><\/figure>\n\n\n\n<p>Weitere Fotos finden Sie <a href=\"http:\/\/www.grundschule-retzstadt.de\/?page_id=2986\" data-type=\"page\" data-id=\"2986\">hier:<\/a><\/p>\n\n\n\n<p><\/p>\n\n\n\n<p><strong>MIZE-Tag an der Mittelschule Zellingen<\/strong><\/p>\n\n\n\n<p>Auch in diesem Jahr durften die Viertkl\u00e4ssler der Grundschule Retzstadt am 1.12.25 wieder die Mittelschule Zellingen besuchen.<\/p>\n\n\n\n<p>Die Viertkl\u00e4ssler wurden von Herrn Stenglein mit seinem Team aus Lehrer-Kollegen und Sch\u00fclern der 7. Jahrgansstufe in der Aula herzlich empfangen. Dann teilten sich die Kinder in drei Gruppen auf und hatten nacheinander die M\u00f6glichkeit, den Werkraum, die Schulk\u00fcche sowie den Natur-Technik-Saal kennenzulernen. Beim <strong>Werken<\/strong> durften sie durch Schleifarbeiten einen tollen Stern herstellen. In der <strong>Schulk\u00fcche<\/strong> wurden Frischk\u00e4se-Schnittlauch- Brote sowie Obst- und Gem\u00fcseteller zubereitet und am liebevoll gedeckten Tisch zusammen verzehrt. Ebenso durften sie selbst gemischtes Kr\u00e4utersalz in h\u00fcbsche Gl\u00e4schen abf\u00fcllen und so ihr erstes Weihnachtsgeschenk produzieren. Durch unterschiedliche Versuche im <strong>Natur-Technik-Saal<\/strong> konnten die Retzstadter Kinder Fl\u00fcssigkeiten bestimmen, erste Erfahrungen mit Strom und Magnetismus sammeln, die Brennbarkeit verschiedener Salze am Bunsenbrenner testen und die leuchtend bunten Farben dabei bewundern.<\/p>\n\n\n\n<p>Es war f\u00fcr die Viertkl\u00e4ssler wieder eine tolle Erfahrung in das \u201egro\u00dfe Schulleben\u201c zu schnuppern.<\/p>\n\n\n\n<p>Wir bedanken uns herzlich f\u00fcr die Einladung zum MIZE-Tag 2025!<\/p>\n\n\n\n<figure class=\"wp-block-gallery has-nested-images columns-default is-cropped wp-block-gallery-6 is-layout-flex wp-block-gallery-is-layout-flex\">\n<figure class=\"wp-block-image size-large\"><img loading=\"lazy\" decoding=\"async\" width=\"1024\" height=\"951\" data-id=\"5506\" src=\"http:\/\/www.grundschule-retzstadt.de\/wp-content\/uploads\/2025\/12\/MIZE7-1-1024x951.jpg\" alt=\"\" class=\"wp-image-5506\" srcset=\"http:\/\/www.grundschule-retzstadt.de\/wp-content\/uploads\/2025\/12\/MIZE7-1-1024x951.jpg 1024w, http:\/\/www.grundschule-retzstadt.de\/wp-content\/uploads\/2025\/12\/MIZE7-1-300x279.jpg 300w, http:\/\/www.grundschule-retzstadt.de\/wp-content\/uploads\/2025\/12\/MIZE7-1-768x714.jpg 768w, http:\/\/www.grundschule-retzstadt.de\/wp-content\/uploads\/2025\/12\/MIZE7-1-291x270.jpg 291w, http:\/\/www.grundschule-retzstadt.de\/wp-content\/uploads\/2025\/12\/MIZE7-1.jpg 1536w\" sizes=\"auto, (max-width: 1024px) 100vw, 1024px\" \/><\/figure>\n\n\n\n<figure class=\"wp-block-image size-large\"><img loading=\"lazy\" decoding=\"async\" width=\"768\" height=\"1024\" data-id=\"5507\" src=\"http:\/\/www.grundschule-retzstadt.de\/wp-content\/uploads\/2025\/12\/MIZE8-1-768x1024.jpg\" alt=\"\" class=\"wp-image-5507\" srcset=\"http:\/\/www.grundschule-retzstadt.de\/wp-content\/uploads\/2025\/12\/MIZE8-1-768x1024.jpg 768w, http:\/\/www.grundschule-retzstadt.de\/wp-content\/uploads\/2025\/12\/MIZE8-1-225x300.jpg 225w, http:\/\/www.grundschule-retzstadt.de\/wp-content\/uploads\/2025\/12\/MIZE8-1-1152x1536.jpg 1152w, http:\/\/www.grundschule-retzstadt.de\/wp-content\/uploads\/2025\/12\/MIZE8-1-203x270.jpg 203w, http:\/\/www.grundschule-retzstadt.de\/wp-content\/uploads\/2025\/12\/MIZE8-1.jpg 1536w\" sizes=\"auto, (max-width: 768px) 100vw, 768px\" \/><\/figure>\n<\/figure>\n\n\n\n<figure class=\"wp-block-image size-large\"><img loading=\"lazy\" decoding=\"async\" width=\"1024\" height=\"667\" src=\"http:\/\/www.grundschule-retzstadt.de\/wp-content\/uploads\/2025\/12\/MIZE6-1-1024x667.jpg\" alt=\"\" class=\"wp-image-5505\" srcset=\"http:\/\/www.grundschule-retzstadt.de\/wp-content\/uploads\/2025\/12\/MIZE6-1-1024x667.jpg 1024w, http:\/\/www.grundschule-retzstadt.de\/wp-content\/uploads\/2025\/12\/MIZE6-1-300x195.jpg 300w, http:\/\/www.grundschule-retzstadt.de\/wp-content\/uploads\/2025\/12\/MIZE6-1-768x500.jpg 768w, http:\/\/www.grundschule-retzstadt.de\/wp-content\/uploads\/2025\/12\/MIZE6-1-1536x1000.jpg 1536w, http:\/\/www.grundschule-retzstadt.de\/wp-content\/uploads\/2025\/12\/MIZE6-1-415x270.jpg 415w, http:\/\/www.grundschule-retzstadt.de\/wp-content\/uploads\/2025\/12\/MIZE6-1.jpg 2048w\" sizes=\"auto, (max-width: 1024px) 100vw, 1024px\" \/><\/figure>\n\n\n\n<p><\/p>\n\n\n\n<p><strong>Welttag des Buches 2025<\/strong><\/p>\n\n\n\n<p><strong>\u201eGro\u00dfe lesen f\u00fcr Kleine\u201c im Rahmen des \u201eBundesweiten Vorlesetages\u201c<\/strong><\/p>\n\n\n\n<p>Unter dem diesj\u00e4hrigen Motto \u201e<em>Vorlesen spricht Deine Sprache<\/em>\u201c begr\u00fc\u00dften wir am Freitag, den 21. November 2025 im Rahmen des \u201e22. Bundesweiten Vorlesetages\u201c zahlreiche Vorleseg\u00e4ste, die sich die Zeit genommen hatten, um die Sch\u00fclerinnen und Sch\u00fcler der Grundschule Retzstadt mit in die Welt der Geschichten zu nehmen. Gro\u00dfeltern und das \u00f6rtliche Team der B\u00fccherei hatten interessante und lustige B\u00fccher im Gep\u00e4ck, mit denen sie die Kinder begeisterten, die Lust am Lesen weckten und somit f\u00fcr eine lebendige, offene Vorleseatmosph\u00e4re sorgten.<\/p>\n\n\n\n<figure class=\"wp-block-gallery has-nested-images columns-default is-cropped wp-block-gallery-7 is-layout-flex wp-block-gallery-is-layout-flex\">\n<figure class=\"wp-block-image size-large\"><img loading=\"lazy\" decoding=\"async\" width=\"1024\" height=\"768\" data-id=\"5465\" src=\"http:\/\/www.grundschule-retzstadt.de\/wp-content\/uploads\/2025\/11\/IMG_5901-1024x768.jpg\" alt=\"\" class=\"wp-image-5465\" srcset=\"http:\/\/www.grundschule-retzstadt.de\/wp-content\/uploads\/2025\/11\/IMG_5901-1024x768.jpg 1024w, http:\/\/www.grundschule-retzstadt.de\/wp-content\/uploads\/2025\/11\/IMG_5901-300x225.jpg 300w, http:\/\/www.grundschule-retzstadt.de\/wp-content\/uploads\/2025\/11\/IMG_5901-768x576.jpg 768w, http:\/\/www.grundschule-retzstadt.de\/wp-content\/uploads\/2025\/11\/IMG_5901-1536x1152.jpg 1536w, http:\/\/www.grundschule-retzstadt.de\/wp-content\/uploads\/2025\/11\/IMG_5901-2048x1536.jpg 2048w, http:\/\/www.grundschule-retzstadt.de\/wp-content\/uploads\/2025\/11\/IMG_5901-360x270.jpg 360w\" sizes=\"auto, (max-width: 1024px) 100vw, 1024px\" \/><\/figure>\n\n\n\n<figure class=\"wp-block-image size-large\"><img loading=\"lazy\" decoding=\"async\" width=\"1024\" height=\"756\" data-id=\"5473\" src=\"http:\/\/www.grundschule-retzstadt.de\/wp-content\/uploads\/2025\/11\/IMG_20251121_100939-1-1024x756.jpg\" alt=\"\" class=\"wp-image-5473\" srcset=\"http:\/\/www.grundschule-retzstadt.de\/wp-content\/uploads\/2025\/11\/IMG_20251121_100939-1-1024x756.jpg 1024w, http:\/\/www.grundschule-retzstadt.de\/wp-content\/uploads\/2025\/11\/IMG_20251121_100939-1-300x222.jpg 300w, http:\/\/www.grundschule-retzstadt.de\/wp-content\/uploads\/2025\/11\/IMG_20251121_100939-1-768x567.jpg 768w, http:\/\/www.grundschule-retzstadt.de\/wp-content\/uploads\/2025\/11\/IMG_20251121_100939-1-1536x1135.jpg 1536w, http:\/\/www.grundschule-retzstadt.de\/wp-content\/uploads\/2025\/11\/IMG_20251121_100939-1-2048x1513.jpg 2048w, http:\/\/www.grundschule-retzstadt.de\/wp-content\/uploads\/2025\/11\/IMG_20251121_100939-1-366x270.jpg 366w\" sizes=\"auto, (max-width: 1024px) 100vw, 1024px\" \/><\/figure>\n\n\n\n<figure class=\"wp-block-image size-large\"><img loading=\"lazy\" decoding=\"async\" width=\"1024\" height=\"768\" data-id=\"5474\" src=\"http:\/\/www.grundschule-retzstadt.de\/wp-content\/uploads\/2025\/11\/IMG_5791-1-1024x768.jpg\" alt=\"\" class=\"wp-image-5474\" srcset=\"http:\/\/www.grundschule-retzstadt.de\/wp-content\/uploads\/2025\/11\/IMG_5791-1-1024x768.jpg 1024w, http:\/\/www.grundschule-retzstadt.de\/wp-content\/uploads\/2025\/11\/IMG_5791-1-300x225.jpg 300w, http:\/\/www.grundschule-retzstadt.de\/wp-content\/uploads\/2025\/11\/IMG_5791-1-768x576.jpg 768w, http:\/\/www.grundschule-retzstadt.de\/wp-content\/uploads\/2025\/11\/IMG_5791-1-1536x1152.jpg 1536w, http:\/\/www.grundschule-retzstadt.de\/wp-content\/uploads\/2025\/11\/IMG_5791-1-2048x1536.jpg 2048w, http:\/\/www.grundschule-retzstadt.de\/wp-content\/uploads\/2025\/11\/IMG_5791-1-360x270.jpg 360w\" sizes=\"auto, (max-width: 1024px) 100vw, 1024px\" \/><\/figure>\n<\/figure>\n\n\n\n<p>Den gesamten Beitrag und weitere Fotos finden Sie <a href=\"http:\/\/www.grundschule-retzstadt.de\/?page_id=3001\" data-type=\"page\" data-id=\"3001\">hier:<\/a><\/p>\n\n\n\n<p><strong>Nistk\u00e4sten f\u00fcr den Schulhof<\/strong><\/p>\n\n\n\n<p>Grundschulkinder und V\u00f6gel sind jetzt direkte Nachbarn. <\/p>\n\n\n\n<p>Auf dem Schulhof der Grundschule Retzstadt h\u00e4ngen nun 4 neue Quartiere f\u00fcr einheimische V\u00f6gel. Dankenswerter Weise wurde eines davon von der Sparkasse gesponsert, damit aber alle Klassen sich mit einem &#8222;Vogelh\u00e4uschen&#8220; identifizieren k\u00f6nnen, lie\u00dfen es sich die Mitarbeiter des hiesigen Bauhofs nicht nehmen, weitere drei in Eigenregie nachzubauen.<\/p>\n\n\n\n<p>Nun wurden sie von der Rektorin Frau Wohlfart pers\u00f6nlich aufgeh\u00e4ngt. So k\u00f6nnen sich die V\u00f6gel, die die kalte Jahreszeit bei uns verbringen, fr\u00fcher an die Nistk\u00e4sten und ihre Umgebung gew\u00f6hnen. Aber auch als Schlaf- und Schutzplatz bieten sie einen trockenen und windgesch\u00fctzten Unterschlupf, in dem sich die V\u00f6gel tags\u00fcber allein oder nachts mit ihren Artgenossen aneinander kuscheln k\u00f6nnen, um sich vor K\u00e4lte zu sch\u00fctzen.&nbsp;<\/p>\n\n\n\n<p>Wir hoffen auf zahlreiche &#8222;Bewohner&#8220; und freuen uns, wenn wir die V\u00f6gel beobachten k\u00f6nnen und die Kinder f\u00fcr die Tierwelt, die Natur und langfristig auch f\u00fcr den Umweltschutz begeistert werden.<\/p>\n\n\n\n<figure class=\"wp-block-gallery has-nested-images columns-default is-cropped wp-block-gallery-8 is-layout-flex wp-block-gallery-is-layout-flex\">\n<figure class=\"wp-block-image size-medium\"><img loading=\"lazy\" decoding=\"async\" width=\"225\" height=\"300\" data-id=\"5450\" src=\"http:\/\/www.grundschule-retzstadt.de\/wp-content\/uploads\/2025\/10\/IMG_5807-225x300.jpg\" alt=\"\" class=\"wp-image-5450\" srcset=\"http:\/\/www.grundschule-retzstadt.de\/wp-content\/uploads\/2025\/10\/IMG_5807-225x300.jpg 225w, http:\/\/www.grundschule-retzstadt.de\/wp-content\/uploads\/2025\/10\/IMG_5807-768x1024.jpg 768w, http:\/\/www.grundschule-retzstadt.de\/wp-content\/uploads\/2025\/10\/IMG_5807-1152x1536.jpg 1152w, http:\/\/www.grundschule-retzstadt.de\/wp-content\/uploads\/2025\/10\/IMG_5807-1536x2048.jpg 1536w, http:\/\/www.grundschule-retzstadt.de\/wp-content\/uploads\/2025\/10\/IMG_5807-203x270.jpg 203w, http:\/\/www.grundschule-retzstadt.de\/wp-content\/uploads\/2025\/10\/IMG_5807-scaled.jpg 1920w\" sizes=\"auto, (max-width: 225px) 100vw, 225px\" \/><\/figure>\n\n\n\n<figure class=\"wp-block-image size-large\"><img loading=\"lazy\" decoding=\"async\" width=\"768\" height=\"1024\" data-id=\"5451\" src=\"http:\/\/www.grundschule-retzstadt.de\/wp-content\/uploads\/2025\/10\/IMG_5808-768x1024.jpg\" alt=\"\" class=\"wp-image-5451\" srcset=\"http:\/\/www.grundschule-retzstadt.de\/wp-content\/uploads\/2025\/10\/IMG_5808-768x1024.jpg 768w, http:\/\/www.grundschule-retzstadt.de\/wp-content\/uploads\/2025\/10\/IMG_5808-225x300.jpg 225w, http:\/\/www.grundschule-retzstadt.de\/wp-content\/uploads\/2025\/10\/IMG_5808-1152x1536.jpg 1152w, http:\/\/www.grundschule-retzstadt.de\/wp-content\/uploads\/2025\/10\/IMG_5808-1536x2048.jpg 1536w, http:\/\/www.grundschule-retzstadt.de\/wp-content\/uploads\/2025\/10\/IMG_5808-203x270.jpg 203w, http:\/\/www.grundschule-retzstadt.de\/wp-content\/uploads\/2025\/10\/IMG_5808-scaled.jpg 1920w\" sizes=\"auto, (max-width: 768px) 100vw, 768px\" \/><\/figure>\n\n\n\n<figure class=\"wp-block-image size-large\"><img loading=\"lazy\" decoding=\"async\" width=\"768\" height=\"1024\" data-id=\"5452\" src=\"http:\/\/www.grundschule-retzstadt.de\/wp-content\/uploads\/2025\/10\/IMG_5809-768x1024.jpg\" alt=\"\" class=\"wp-image-5452\" srcset=\"http:\/\/www.grundschule-retzstadt.de\/wp-content\/uploads\/2025\/10\/IMG_5809-768x1024.jpg 768w, http:\/\/www.grundschule-retzstadt.de\/wp-content\/uploads\/2025\/10\/IMG_5809-225x300.jpg 225w, http:\/\/www.grundschule-retzstadt.de\/wp-content\/uploads\/2025\/10\/IMG_5809-1152x1536.jpg 1152w, http:\/\/www.grundschule-retzstadt.de\/wp-content\/uploads\/2025\/10\/IMG_5809-1536x2048.jpg 1536w, http:\/\/www.grundschule-retzstadt.de\/wp-content\/uploads\/2025\/10\/IMG_5809-203x270.jpg 203w, http:\/\/www.grundschule-retzstadt.de\/wp-content\/uploads\/2025\/10\/IMG_5809-scaled.jpg 1920w\" sizes=\"auto, (max-width: 768px) 100vw, 768px\" \/><\/figure>\n\n\n\n<figure class=\"wp-block-image size-large\"><img loading=\"lazy\" decoding=\"async\" width=\"768\" height=\"1024\" data-id=\"5453\" src=\"http:\/\/www.grundschule-retzstadt.de\/wp-content\/uploads\/2025\/10\/IMG_5810-768x1024.jpg\" alt=\"\" class=\"wp-image-5453\" srcset=\"http:\/\/www.grundschule-retzstadt.de\/wp-content\/uploads\/2025\/10\/IMG_5810-768x1024.jpg 768w, http:\/\/www.grundschule-retzstadt.de\/wp-content\/uploads\/2025\/10\/IMG_5810-225x300.jpg 225w, http:\/\/www.grundschule-retzstadt.de\/wp-content\/uploads\/2025\/10\/IMG_5810-1152x1536.jpg 1152w, http:\/\/www.grundschule-retzstadt.de\/wp-content\/uploads\/2025\/10\/IMG_5810-1536x2048.jpg 1536w, http:\/\/www.grundschule-retzstadt.de\/wp-content\/uploads\/2025\/10\/IMG_5810-203x270.jpg 203w, http:\/\/www.grundschule-retzstadt.de\/wp-content\/uploads\/2025\/10\/IMG_5810-scaled.jpg 1920w\" sizes=\"auto, (max-width: 768px) 100vw, 768px\" \/><\/figure>\n\n\n\n<figure class=\"wp-block-image size-large\"><img loading=\"lazy\" decoding=\"async\" width=\"768\" height=\"1024\" data-id=\"5454\" src=\"http:\/\/www.grundschule-retzstadt.de\/wp-content\/uploads\/2025\/10\/IMG_5811-768x1024.jpg\" alt=\"\" class=\"wp-image-5454\" srcset=\"http:\/\/www.grundschule-retzstadt.de\/wp-content\/uploads\/2025\/10\/IMG_5811-768x1024.jpg 768w, http:\/\/www.grundschule-retzstadt.de\/wp-content\/uploads\/2025\/10\/IMG_5811-225x300.jpg 225w, http:\/\/www.grundschule-retzstadt.de\/wp-content\/uploads\/2025\/10\/IMG_5811-1152x1536.jpg 1152w, http:\/\/www.grundschule-retzstadt.de\/wp-content\/uploads\/2025\/10\/IMG_5811-1536x2048.jpg 1536w, http:\/\/www.grundschule-retzstadt.de\/wp-content\/uploads\/2025\/10\/IMG_5811-203x270.jpg 203w, http:\/\/www.grundschule-retzstadt.de\/wp-content\/uploads\/2025\/10\/IMG_5811-scaled.jpg 1920w\" sizes=\"auto, (max-width: 768px) 100vw, 768px\" \/><\/figure>\n<\/figure>\n\n\n\n<p><\/p>\n\n\n\n<p><\/p>\n\n\n\n<p><strong>1. Pausenfr\u00fchst\u00fcck f\u00fcr unsere Schulkinder<\/strong><\/p>\n\n\n\n<p>Heute, am Montag, den 27. Oktober 2025, &nbsp;fand wieder als besonderer H\u00f6hepunkt das traditionelle Pausenfr\u00fchst\u00fcck an unserer Grundschule statt.<\/p>\n\n\n\n<p>Die engagierten Helferinnen aus dem Elternbeirat zauberten ein leckeres und vielseitiges Buffet in die Aula und fanden bei der Zubereitung gro\u00dfe Unterst\u00fctzung von den Kindern der Klasse 1\/2 b.<\/p>\n\n\n\n<figure class=\"wp-block-image size-large\"><img loading=\"lazy\" decoding=\"async\" width=\"1024\" height=\"768\" src=\"http:\/\/www.grundschule-retzstadt.de\/wp-content\/uploads\/2025\/10\/IMG_5636-1024x768.jpg\" alt=\"\" class=\"wp-image-5443\" srcset=\"http:\/\/www.grundschule-retzstadt.de\/wp-content\/uploads\/2025\/10\/IMG_5636-1024x768.jpg 1024w, http:\/\/www.grundschule-retzstadt.de\/wp-content\/uploads\/2025\/10\/IMG_5636-300x225.jpg 300w, http:\/\/www.grundschule-retzstadt.de\/wp-content\/uploads\/2025\/10\/IMG_5636-768x576.jpg 768w, http:\/\/www.grundschule-retzstadt.de\/wp-content\/uploads\/2025\/10\/IMG_5636-1536x1152.jpg 1536w, http:\/\/www.grundschule-retzstadt.de\/wp-content\/uploads\/2025\/10\/IMG_5636-2048x1536.jpg 2048w, http:\/\/www.grundschule-retzstadt.de\/wp-content\/uploads\/2025\/10\/IMG_5636-360x270.jpg 360w\" sizes=\"auto, (max-width: 1024px) 100vw, 1024px\" \/><\/figure>\n\n\n\n<p>Den gesamten Beitrag und weitere Fotos finden Sie <a href=\"http:\/\/www.grundschule-retzstadt.de\/?page_id=389\" data-type=\"page\" data-id=\"389\">hier:<\/a><\/p>\n\n\n\n<p><strong>Gem\u00fcsesticks mit Dip: Gesunder Snack f\u00fcr kleine Gem\u00fcseliebhaber<\/strong><\/p>\n\n\n\n<p>Im Fach Heimat- und Sachkunde drehte sich in den Klassen 1\/2a und 1\/2b zuletzt alles um das Thema \u201eGem\u00fcse\u201c. Zum Abschlu\u00df dieser Lerneinheit standen am vergangenen Mittwoch auf dem Plan verschiedene Gem\u00fcsesticks mit Dip, die selbst zubereitet werden sollten.<\/p>\n\n\n\n<figure class=\"wp-block-gallery has-nested-images columns-default is-cropped wp-block-gallery-9 is-layout-flex wp-block-gallery-is-layout-flex\">\n<figure class=\"wp-block-image size-large\"><img loading=\"lazy\" decoding=\"async\" width=\"1024\" height=\"768\" data-id=\"5432\" src=\"http:\/\/www.grundschule-retzstadt.de\/wp-content\/uploads\/2025\/10\/IMG_20251022_091947-1024x768.jpg\" alt=\"\" class=\"wp-image-5432\" srcset=\"http:\/\/www.grundschule-retzstadt.de\/wp-content\/uploads\/2025\/10\/IMG_20251022_091947-1024x768.jpg 1024w, http:\/\/www.grundschule-retzstadt.de\/wp-content\/uploads\/2025\/10\/IMG_20251022_091947-300x225.jpg 300w, http:\/\/www.grundschule-retzstadt.de\/wp-content\/uploads\/2025\/10\/IMG_20251022_091947-768x576.jpg 768w, http:\/\/www.grundschule-retzstadt.de\/wp-content\/uploads\/2025\/10\/IMG_20251022_091947-1536x1152.jpg 1536w, http:\/\/www.grundschule-retzstadt.de\/wp-content\/uploads\/2025\/10\/IMG_20251022_091947-2048x1536.jpg 2048w, http:\/\/www.grundschule-retzstadt.de\/wp-content\/uploads\/2025\/10\/IMG_20251022_091947-360x270.jpg 360w\" sizes=\"auto, (max-width: 1024px) 100vw, 1024px\" \/><\/figure>\n<\/figure>\n\n\n\n<p>Weitere Informationen und Fotos finden Sie <a href=\"http:\/\/www.grundschule-retzstadt.de\/?page_id=3366\" data-type=\"page\" data-id=\"3366\">hier:<\/a><\/p>\n\n\n\n<p><strong>Wandertag im Zeichen der \u201eRetschter Mundart\u201c<\/strong><\/p>\n\n\n\n<p>Bei goldenem Herbstwetter machte sich die gesamte Grundschule auf zu einem Wandertag der besonderen Art. Statt nur frischer Luft und Bewegung stand dieses Mal auch ein St\u00fcck gelebte Kultur auf dem Programm: die Pflege des heimischen Dialekts \u2013 der \u201eRetschter Mundart\u201c.<\/p>\n\n\n\n<p>Die vier Klassen zogen gemeinsam mit ihren Lehrerinnen entlang des gleichnamigen Wanderwegs durch die Weinlage Langenberg. An mehreren Stationen entlang der Strecke warteten besondere H\u00f6r-Erlebnisse auf die Kinder: Per QR-Code konnten sie Geschichten, Gedichte und Anekdoten aus ihrem Heimatort anh\u00f6ren \u2013 allesamt im originalen Retschter Dialekt und eingesprochen von echten Retzstadter \u201eOriginalen\u201c.<\/p>\n\n\n\n<p>Immer wieder wurde angehalten, zugeh\u00f6rt, gemeinsam ger\u00e4tselt und diskutiert: Was k\u00f6nnten wohl W\u00f6rter wie \u201eOanigen\u00e4ichte\u201c , \u201eKanstr\u00e4uweli\u201c &nbsp;oder \u201eGrumberezolod\u201c bedeuten?<\/p>\n\n\n\n<p>Mit viel Begeisterung machten die Kinder mit und wurden dabei selbst kreativ. Schon bald entstanden beim Wandern eigene kleine Reime in der heimischen Mundart.<\/p>\n\n\n\n<p>Die wohlverdiente Pause \u201eowe der H\u00f6h\u201c bot Gelegenheit zum Spielen, Ausruhen und Brotzeitmachen.<\/p>\n\n\n\n<p>Auch auf dem R\u00fcckweg wurde es noch einmal spannend: In anschaulichen Erz\u00e4hlungen erfuhren die Kinder, wie das Einkaufen in Retzstadt fr\u00fcher einmal war \u2013 etwa, dass es nur drei Brotsorten beim B\u00e4cker gab und man zum Kleidungskauf nur einmal im Jahr, zum sogenannten Mantelsonntag, in die Stadt fuhr.<\/p>\n\n\n\n<p>Am Ende kehrten alle gut gelaunt, voller Eindr\u00fccke und mit einem neuen Bewusstsein f\u00fcr den eigenen Dialekt zur Schule zur\u00fcck. Ein Wandertag, der nicht nur Bewegung, sondern auch kulturelle Bildung und Heimatverbundenheit vermittelte und sicherlich noch lange in Erinnerung bleiben wird.<\/p>\n\n\n\n<p><\/p>\n\n\n\n<figure class=\"wp-block-gallery has-nested-images columns-default is-cropped wp-block-gallery-10 is-layout-flex wp-block-gallery-is-layout-flex\">\n<figure class=\"wp-block-image size-large\"><img loading=\"lazy\" decoding=\"async\" width=\"768\" height=\"1024\" data-id=\"5404\" src=\"http:\/\/www.grundschule-retzstadt.de\/wp-content\/uploads\/2025\/09\/IMG_20251002_113655-768x1024.jpg\" alt=\"\" class=\"wp-image-5404\" srcset=\"http:\/\/www.grundschule-retzstadt.de\/wp-content\/uploads\/2025\/09\/IMG_20251002_113655-768x1024.jpg 768w, http:\/\/www.grundschule-retzstadt.de\/wp-content\/uploads\/2025\/09\/IMG_20251002_113655-225x300.jpg 225w, http:\/\/www.grundschule-retzstadt.de\/wp-content\/uploads\/2025\/09\/IMG_20251002_113655-1152x1536.jpg 1152w, http:\/\/www.grundschule-retzstadt.de\/wp-content\/uploads\/2025\/09\/IMG_20251002_113655-1536x2048.jpg 1536w, http:\/\/www.grundschule-retzstadt.de\/wp-content\/uploads\/2025\/09\/IMG_20251002_113655-203x270.jpg 203w, http:\/\/www.grundschule-retzstadt.de\/wp-content\/uploads\/2025\/09\/IMG_20251002_113655-scaled.jpg 1920w\" sizes=\"auto, (max-width: 768px) 100vw, 768px\" \/><\/figure>\n\n\n\n<figure class=\"wp-block-image size-large\"><img loading=\"lazy\" decoding=\"async\" width=\"768\" height=\"1024\" data-id=\"5402\" src=\"http:\/\/www.grundschule-retzstadt.de\/wp-content\/uploads\/2025\/09\/IMG_20251002_091003-768x1024.jpg\" alt=\"\" class=\"wp-image-5402\" srcset=\"http:\/\/www.grundschule-retzstadt.de\/wp-content\/uploads\/2025\/09\/IMG_20251002_091003-768x1024.jpg 768w, http:\/\/www.grundschule-retzstadt.de\/wp-content\/uploads\/2025\/09\/IMG_20251002_091003-225x300.jpg 225w, http:\/\/www.grundschule-retzstadt.de\/wp-content\/uploads\/2025\/09\/IMG_20251002_091003-1152x1536.jpg 1152w, http:\/\/www.grundschule-retzstadt.de\/wp-content\/uploads\/2025\/09\/IMG_20251002_091003-1536x2048.jpg 1536w, http:\/\/www.grundschule-retzstadt.de\/wp-content\/uploads\/2025\/09\/IMG_20251002_091003-203x270.jpg 203w, http:\/\/www.grundschule-retzstadt.de\/wp-content\/uploads\/2025\/09\/IMG_20251002_091003-scaled.jpg 1920w\" sizes=\"auto, (max-width: 768px) 100vw, 768px\" \/><\/figure>\n\n\n\n<figure class=\"wp-block-image size-large\"><img loading=\"lazy\" decoding=\"async\" width=\"576\" height=\"1024\" data-id=\"5405\" src=\"http:\/\/www.grundschule-retzstadt.de\/wp-content\/uploads\/2025\/09\/IMG-20251002-WA0017-576x1024.jpg\" alt=\"\" class=\"wp-image-5405\" srcset=\"http:\/\/www.grundschule-retzstadt.de\/wp-content\/uploads\/2025\/09\/IMG-20251002-WA0017-576x1024.jpg 576w, http:\/\/www.grundschule-retzstadt.de\/wp-content\/uploads\/2025\/09\/IMG-20251002-WA0017-169x300.jpg 169w, http:\/\/www.grundschule-retzstadt.de\/wp-content\/uploads\/2025\/09\/IMG-20251002-WA0017-768x1365.jpg 768w, http:\/\/www.grundschule-retzstadt.de\/wp-content\/uploads\/2025\/09\/IMG-20251002-WA0017-864x1536.jpg 864w, http:\/\/www.grundschule-retzstadt.de\/wp-content\/uploads\/2025\/09\/IMG-20251002-WA0017-152x270.jpg 152w, http:\/\/www.grundschule-retzstadt.de\/wp-content\/uploads\/2025\/09\/IMG-20251002-WA0017.jpg 900w\" sizes=\"auto, (max-width: 576px) 100vw, 576px\" \/><\/figure>\n\n\n\n<figure class=\"wp-block-image size-large\"><img loading=\"lazy\" decoding=\"async\" width=\"576\" height=\"1024\" data-id=\"5407\" src=\"http:\/\/www.grundschule-retzstadt.de\/wp-content\/uploads\/2025\/09\/IMG-20251002-WA0024-576x1024.jpg\" alt=\"\" class=\"wp-image-5407\" srcset=\"http:\/\/www.grundschule-retzstadt.de\/wp-content\/uploads\/2025\/09\/IMG-20251002-WA0024-576x1024.jpg 576w, http:\/\/www.grundschule-retzstadt.de\/wp-content\/uploads\/2025\/09\/IMG-20251002-WA0024-169x300.jpg 169w, http:\/\/www.grundschule-retzstadt.de\/wp-content\/uploads\/2025\/09\/IMG-20251002-WA0024-768x1365.jpg 768w, http:\/\/www.grundschule-retzstadt.de\/wp-content\/uploads\/2025\/09\/IMG-20251002-WA0024-864x1536.jpg 864w, http:\/\/www.grundschule-retzstadt.de\/wp-content\/uploads\/2025\/09\/IMG-20251002-WA0024-152x270.jpg 152w, http:\/\/www.grundschule-retzstadt.de\/wp-content\/uploads\/2025\/09\/IMG-20251002-WA0024.jpg 900w\" sizes=\"auto, (max-width: 576px) 100vw, 576px\" \/><\/figure>\n\n\n\n<figure class=\"wp-block-image size-large\"><img loading=\"lazy\" decoding=\"async\" width=\"1024\" height=\"576\" data-id=\"5406\" src=\"http:\/\/www.grundschule-retzstadt.de\/wp-content\/uploads\/2025\/09\/IMG-20251002-WA0023-1024x576.jpg\" alt=\"\" class=\"wp-image-5406\" srcset=\"http:\/\/www.grundschule-retzstadt.de\/wp-content\/uploads\/2025\/09\/IMG-20251002-WA0023-1024x576.jpg 1024w, http:\/\/www.grundschule-retzstadt.de\/wp-content\/uploads\/2025\/09\/IMG-20251002-WA0023-300x169.jpg 300w, http:\/\/www.grundschule-retzstadt.de\/wp-content\/uploads\/2025\/09\/IMG-20251002-WA0023-768x432.jpg 768w, http:\/\/www.grundschule-retzstadt.de\/wp-content\/uploads\/2025\/09\/IMG-20251002-WA0023-1536x864.jpg 1536w, http:\/\/www.grundschule-retzstadt.de\/wp-content\/uploads\/2025\/09\/IMG-20251002-WA0023-480x270.jpg 480w, http:\/\/www.grundschule-retzstadt.de\/wp-content\/uploads\/2025\/09\/IMG-20251002-WA0023.jpg 1600w\" sizes=\"auto, (max-width: 1024px) 100vw, 1024px\" \/><\/figure>\n\n\n\n<figure class=\"wp-block-image size-large\"><img loading=\"lazy\" decoding=\"async\" width=\"1024\" height=\"805\" data-id=\"5403\" src=\"http:\/\/www.grundschule-retzstadt.de\/wp-content\/uploads\/2025\/09\/IMG_20251002_111256-1024x805.jpg\" alt=\"\" class=\"wp-image-5403\" srcset=\"http:\/\/www.grundschule-retzstadt.de\/wp-content\/uploads\/2025\/09\/IMG_20251002_111256-1024x805.jpg 1024w, http:\/\/www.grundschule-retzstadt.de\/wp-content\/uploads\/2025\/09\/IMG_20251002_111256-300x236.jpg 300w, http:\/\/www.grundschule-retzstadt.de\/wp-content\/uploads\/2025\/09\/IMG_20251002_111256-768x604.jpg 768w, http:\/\/www.grundschule-retzstadt.de\/wp-content\/uploads\/2025\/09\/IMG_20251002_111256-1536x1208.jpg 1536w, http:\/\/www.grundschule-retzstadt.de\/wp-content\/uploads\/2025\/09\/IMG_20251002_111256-2048x1611.jpg 2048w, http:\/\/www.grundschule-retzstadt.de\/wp-content\/uploads\/2025\/09\/IMG_20251002_111256-343x270.jpg 343w\" sizes=\"auto, (max-width: 1024px) 100vw, 1024px\" \/><\/figure>\n<\/figure>\n\n\n\n<p><\/p>\n\n\n\n<p><strong>Herzlich Willkommen!<\/strong><\/p>\n\n\n\n<p>F\u00fcr 20 neue Abc-Sch\u00fctzen war es am 16. September 2025 endlich soweit! Der allererste Schultag war da!<\/p>\n\n\n\n<p>Mit ihren B\u00fcchertaschen, den tollen Schult\u00fcten und in Begleitung ihrer Eltern, Gro\u00dfeltern und Paten wurden sie im Pausenhof der Grundschule Retzstadt von der gesamten Schulfamilie schon neugierig erwartet und von der Rektorin Frau Wohlfart in ihrer Ansprache herzlich begr\u00fc\u00dft und willkommen gehei\u00dfen. Sie sprach den Neulingen Mut zu und betonte, das Vertrauen in die eigenen F\u00e4higkeiten nicht zu verlieren.<\/p>\n\n\n\n<p>Dies kam auch im Theaterst\u00fcck und dem Lied \u201eDer tollste Tag deines Lebens\u201c von der Klasse 4 zum Ausdruck.<\/p>\n\n\n\n<p>Mit dem von den Zweit- und Drittkl\u00e4sslern einstudierten Lied \u201eWir gemeinsam, du, ich wir!\u201c wurde gezeigt, dass trotz der Verschiedenheit jedes Einzelnen in der Klasse es wichtig ist, dass sich alle als Gemeinschaft verstehen, \u00fcber sich hinaus wachsen und auch einmal Fehler machen d\u00fcrfen. Zum Schluss der Feier zeigten die beiden Klassen ihr K\u00f6nnen in einer Tanzchoreografie mit Klangh\u00f6lzern zu dem Song \u201eAPT\u201c.<\/p>\n\n\n\n<p>Zusammen mit ihren Klassenlehrerinnen, Luftballons und den Patenkindern an der Hand machten sich die Erstkl\u00e4ssler und Erstkl\u00e4sslerinnen auf den Weg in ihre Klassenzimmer, w\u00e4hrend sich die G\u00e4ste bei Kaffee und selbst gebackenem Kuchen, welcher vom Elternbeirat dankenswerterweise gestiftet wurde, die Zeit mit netten Gespr\u00e4chen bis zum Unterrichtsende vertreiben konnten.<\/p>\n\n\n\n<p>Wir w\u00fcnschen den Abc-Sch\u00fctzen einen guten Start mit viel Freude und Erfolg beim Lernen und unseren neuen Kolleginnen ein herzliches willkommen in unserer Schulfamilie.<\/p>\n\n\n\n<figure class=\"wp-block-gallery has-nested-images columns-default is-cropped wp-block-gallery-11 is-layout-flex wp-block-gallery-is-layout-flex\">\n<figure class=\"wp-block-image size-large\"><img loading=\"lazy\" decoding=\"async\" width=\"620\" height=\"1024\" data-id=\"5395\" src=\"http:\/\/www.grundschule-retzstadt.de\/wp-content\/uploads\/2025\/07\/IMG_5295.2JPG-620x1024.jpg\" alt=\"\" class=\"wp-image-5395\" srcset=\"http:\/\/www.grundschule-retzstadt.de\/wp-content\/uploads\/2025\/07\/IMG_5295.2JPG-620x1024.jpg 620w, http:\/\/www.grundschule-retzstadt.de\/wp-content\/uploads\/2025\/07\/IMG_5295.2JPG-182x300.jpg 182w, http:\/\/www.grundschule-retzstadt.de\/wp-content\/uploads\/2025\/07\/IMG_5295.2JPG-164x270.jpg 164w, http:\/\/www.grundschule-retzstadt.de\/wp-content\/uploads\/2025\/07\/IMG_5295.2JPG.jpg 645w\" sizes=\"auto, (max-width: 620px) 100vw, 620px\" \/><\/figure>\n\n\n\n<figure class=\"wp-block-image size-large\"><img loading=\"lazy\" decoding=\"async\" width=\"1024\" height=\"768\" data-id=\"5394\" src=\"http:\/\/www.grundschule-retzstadt.de\/wp-content\/uploads\/2025\/07\/IMG_5294-1024x768.jpg\" alt=\"\" class=\"wp-image-5394\" srcset=\"http:\/\/www.grundschule-retzstadt.de\/wp-content\/uploads\/2025\/07\/IMG_5294-1024x768.jpg 1024w, http:\/\/www.grundschule-retzstadt.de\/wp-content\/uploads\/2025\/07\/IMG_5294-300x225.jpg 300w, http:\/\/www.grundschule-retzstadt.de\/wp-content\/uploads\/2025\/07\/IMG_5294-768x576.jpg 768w, http:\/\/www.grundschule-retzstadt.de\/wp-content\/uploads\/2025\/07\/IMG_5294-1536x1152.jpg 1536w, http:\/\/www.grundschule-retzstadt.de\/wp-content\/uploads\/2025\/07\/IMG_5294-2048x1536.jpg 2048w, http:\/\/www.grundschule-retzstadt.de\/wp-content\/uploads\/2025\/07\/IMG_5294-360x270.jpg 360w\" sizes=\"auto, (max-width: 1024px) 100vw, 1024px\" \/><\/figure>\n\n\n\n<figure class=\"wp-block-image size-large\"><img loading=\"lazy\" decoding=\"async\" width=\"768\" height=\"1024\" data-id=\"5398\" src=\"http:\/\/www.grundschule-retzstadt.de\/wp-content\/uploads\/2025\/07\/IMG_5306-768x1024.jpg\" alt=\"\" class=\"wp-image-5398\" srcset=\"http:\/\/www.grundschule-retzstadt.de\/wp-content\/uploads\/2025\/07\/IMG_5306-768x1024.jpg 768w, http:\/\/www.grundschule-retzstadt.de\/wp-content\/uploads\/2025\/07\/IMG_5306-225x300.jpg 225w, http:\/\/www.grundschule-retzstadt.de\/wp-content\/uploads\/2025\/07\/IMG_5306-1152x1536.jpg 1152w, http:\/\/www.grundschule-retzstadt.de\/wp-content\/uploads\/2025\/07\/IMG_5306-1536x2048.jpg 1536w, http:\/\/www.grundschule-retzstadt.de\/wp-content\/uploads\/2025\/07\/IMG_5306-203x270.jpg 203w, http:\/\/www.grundschule-retzstadt.de\/wp-content\/uploads\/2025\/07\/IMG_5306-scaled.jpg 1920w\" sizes=\"auto, (max-width: 768px) 100vw, 768px\" \/><\/figure>\n\n\n\n<figure class=\"wp-block-image size-large\"><img loading=\"lazy\" decoding=\"async\" width=\"1024\" height=\"768\" data-id=\"5397\" src=\"http:\/\/www.grundschule-retzstadt.de\/wp-content\/uploads\/2025\/07\/IMG_5304-1024x768.jpg\" alt=\"\" class=\"wp-image-5397\" srcset=\"http:\/\/www.grundschule-retzstadt.de\/wp-content\/uploads\/2025\/07\/IMG_5304-1024x768.jpg 1024w, http:\/\/www.grundschule-retzstadt.de\/wp-content\/uploads\/2025\/07\/IMG_5304-300x225.jpg 300w, http:\/\/www.grundschule-retzstadt.de\/wp-content\/uploads\/2025\/07\/IMG_5304-768x576.jpg 768w, http:\/\/www.grundschule-retzstadt.de\/wp-content\/uploads\/2025\/07\/IMG_5304-1536x1152.jpg 1536w, http:\/\/www.grundschule-retzstadt.de\/wp-content\/uploads\/2025\/07\/IMG_5304-2048x1536.jpg 2048w, http:\/\/www.grundschule-retzstadt.de\/wp-content\/uploads\/2025\/07\/IMG_5304-360x270.jpg 360w\" sizes=\"auto, (max-width: 1024px) 100vw, 1024px\" \/><\/figure>\n<\/figure>\n\n\n\n<p><\/p>\n\n\n\n<p><strong>Teilnahme der Grundschule Retzstadt am EU-Schulprogramm <\/strong><\/p>\n\n\n\n<p>Das EU-Schulprogramm m\u00f6chte dazu beitragen, dass die Kinder ein gesundheitsf\u00f6rderliches Ern\u00e4hrungsverhalten entwickeln und wird aus Landes- und EU-Mitteln finanziert. Dazu erhalten die Kinder unserer Grundschule in Kooperation mit dem Dorfladen Retzstadt jede Woche kostenlos bevorzugt regionales und saisonales Obst und Gem\u00fcse. <\/p>\n\n\n\n<figure class=\"wp-block-image size-large is-resized\"><img loading=\"lazy\" decoding=\"async\" width=\"722\" height=\"1024\" src=\"http:\/\/www.grundschule-retzstadt.de\/wp-content\/uploads\/2024\/09\/poster_schulprogramm-722x1024.png\" alt=\"\" class=\"wp-image-5080\" style=\"width:840px;height:auto\" srcset=\"http:\/\/www.grundschule-retzstadt.de\/wp-content\/uploads\/2024\/09\/poster_schulprogramm-722x1024.png 722w, http:\/\/www.grundschule-retzstadt.de\/wp-content\/uploads\/2024\/09\/poster_schulprogramm-212x300.png 212w, http:\/\/www.grundschule-retzstadt.de\/wp-content\/uploads\/2024\/09\/poster_schulprogramm-768x1089.png 768w, http:\/\/www.grundschule-retzstadt.de\/wp-content\/uploads\/2024\/09\/poster_schulprogramm-1083x1536.png 1083w, http:\/\/www.grundschule-retzstadt.de\/wp-content\/uploads\/2024\/09\/poster_schulprogramm-1444x2048.png 1444w, http:\/\/www.grundschule-retzstadt.de\/wp-content\/uploads\/2024\/09\/poster_schulprogramm-190x270.png 190w\" sizes=\"auto, (max-width: 722px) 100vw, 722px\" \/><\/figure>\n\n\n\n<p><\/p>\n","protected":false},"excerpt":{"rendered":"<p>Start in das neue Schuljahr 2025\/26 2. Pausenfr\u00fchst\u00fcck Am Freitag, dem 24. April 2026, wurde an unserer Grundschule erneut das beliebte Pausenfr\u00fchst\u00fcck als besonderes Highlight veranstaltet. Vier tatkr\u00e4ftige Mamas bereiteten in der Aula ein abwechslungsreiches und k\u00f6stliches Buffet vor und wurden dabei tatkr\u00e4ftig von den Kindern der Klasse 3\/4a unterst\u00fctzt. Mit viel Begeisterung belegten sie Brote, stellten Obst- und Gem\u00fcseteller zusammen und halfen beim Sch\u00e4len, Schneiden, Bestreichen und liebevollen Anrichten. So entstand ein buntes Angebot, das bei den Kindern f\u00fcr&#8230;<\/p>\n<p class=\"read-more\"><a class=\"btn btn-default\" href=\"http:\/\/www.grundschule-retzstadt.de\/?p=5054\">Weiterlesen<span class=\"screen-reader-text\"> Weiterlesen<\/span><\/a><\/p>\n","protected":false},"author":1,"featured_media":0,"comment_status":"closed","ping_status":"closed","sticky":false,"template":"","format":"standard","meta":{"footnotes":""},"categories":[1],"tags":[],"class_list":["post-5054","post","type-post","status-publish","format-standard","hentry","category-allgemein"],"_links":{"self":[{"href":"http:\/\/www.grundschule-retzstadt.de\/index.php?rest_route=\/wp\/v2\/posts\/5054","targetHints":{"allow":["GET"]}}],"collection":[{"href":"http:\/\/www.grundschule-retzstadt.de\/index.php?rest_route=\/wp\/v2\/posts"}],"about":[{"href":"http:\/\/www.grundschule-retzstadt.de\/index.php?rest_route=\/wp\/v2\/types\/post"}],"author":[{"embeddable":true,"href":"http:\/\/www.grundschule-retzstadt.de\/index.php?rest_route=\/wp\/v2\/users\/1"}],"replies":[{"embeddable":true,"href":"http:\/\/www.grundschule-retzstadt.de\/index.php?rest_route=%2Fwp%2Fv2%2Fcomments&post=5054"}],"version-history":[{"count":78,"href":"http:\/\/www.grundschule-retzstadt.de\/index.php?rest_route=\/wp\/v2\/posts\/5054\/revisions"}],"predecessor-version":[{"id":5647,"href":"http:\/\/www.grundschule-retzstadt.de\/index.php?rest_route=\/wp\/v2\/posts\/5054\/revisions\/5647"}],"wp:attachment":[{"href":"http:\/\/www.grundschule-retzstadt.de\/index.php?rest_route=%2Fwp%2Fv2%2Fmedia&parent=5054"}],"wp:term":[{"taxonomy":"category","embeddable":true,"href":"http:\/\/www.grundschule-retzstadt.de\/index.php?rest_route=%2Fwp%2Fv2%2Fcategories&post=5054"},{"taxonomy":"post_tag","embeddable":true,"href":"http:\/\/www.grundschule-retzstadt.de\/index.php?rest_route=%2Fwp%2Fv2%2Ftags&post=5054"}],"curies":[{"name":"wp","href":"https:\/\/api.w.org\/{rel}","templated":true}]}}